{"id":15791,"date":"2024-10-09T11:29:38","date_gmt":"2024-10-09T15:29:38","guid":{"rendered":"https:\/\/news.capcana.com\/?p=15791"},"modified":"2026-02-19T12:00:06","modified_gmt":"2026-02-19T16:00:06","slug":"presidente-de-cap-cana-rd-esta-en-su-mejor-momento-en-el-turismo-inmobiliario","status":"publish","type":"post","link":"https:\/\/capcana.com\/es\/presidente-de-cap-cana-rd-esta-en-su-mejor-momento-en-el-turismo-inmobiliario\/","title":{"rendered":"Presidente de Cap Cana: \u201cRD est\u00e1 en su mejor momento en el turismo inmobiliario\u201d"},"content":{"rendered":"<p>El <strong>presidente ejecutivo de Cap Cana Ciudad Destino<\/strong>, Jorge Subero, asegur\u00f3 que esta <strong>zona tur\u00edstica<\/strong>, situada al este del pa\u00eds, atraviesa su mejor etapa hasta la fecha. Durante la reciente inauguraci\u00f3n de <strong>El Dorado Park<\/strong>, en esa demarcaci\u00f3n, Subero anunci\u00f3 una serie de proyectos significativos en el \u00e1mbito del <strong>turismo inmobiliario<\/strong>, destacando que se espera cerrar el a\u00f1o con 1,000 nuevas <strong>habitaciones<\/strong> en operaci\u00f3n.<\/p>\n<p>\u201cHemos puesto en funcionamiento 400 habitaciones y, para finales de a\u00f1o, contaremos con 600 m\u00e1s. Adem\u00e1s, nos alistamos para la inauguraci\u00f3n del hotel St. Regis\u201d, detall\u00f3 Subero a elDinero.<\/p>\n<p>El ejecutivo tambi\u00e9n resalt\u00f3 el <strong>auge del turismo inmobiliario en Rep\u00fablica Dominicana<\/strong>, se\u00f1alando que \u201clo que estamos viviendo es impresionante. Cap Cana est\u00e1 en su mejor momento gracias a iniciativas como El Dorado Park, que suma dos parques acu\u00e1ticos tem\u00e1ticos en la zona\u201d.<\/p>\n<p>Subero aprovech\u00f3 la ocasi\u00f3n para mencionar otros proyectos inmobiliarios en desarrollo frente a un <strong>lago artificial<\/strong>, que atraer\u00e1n un nuevo tipo de turismo. Esta estrategia, afirm\u00f3, busca ofrecer alternativas a los visitantes, especialmente ante los desaf\u00edos que presenta la llegada masiva de sargazo a las playas de la regi\u00f3n este, afectando varios destinos tur\u00edsticos.<\/p>\n<p>Respecto a la<strong> reforma fiscal<\/strong>, el empresario espera que se conserven las condiciones impositivas actuales, las cuales han incentivado la inversi\u00f3n hotelera privada y han sido fundamentales para los logros alcanzados en el \u00e1mbito tur\u00edstico. \u201cHay que esperar la propuesta del Gobierno para ver d\u00f3nde afectar\u00e1, qu\u00e9 sector tendr\u00e1 que sacrificarse de alguna manera\u201d, reiter\u00f3 Subero.<\/p>\n<p>FUENTE:<\/p>\n<p><a href=\"https:\/\/eldinero.com.do\/296139\/presidente-de-cap-cana-rd-esta-en-su-mejor-momento-en-el-turismo-inmobiliario\/\">https:\/\/eldinero.com.do\/296139\/presidente-de-cap-cana-rd-esta-en-su-mejor-momento-en-el-turismo-inmobiliario\/<\/a><\/p>\n<p>&nbsp;<\/p>","protected":false},"excerpt":{"rendered":"<p>El presidente ejecutivo de Cap Cana Ciudad Destino, Jorge Subero, asegur\u00f3 que esta zona tur\u00edstica, situada al este del pa\u00eds, atraviesa su mejor etapa hasta la fecha. Durante la reciente inauguraci\u00f3n de El Dorado Park, en esa demarcaci\u00f3n, Subero anunci\u00f3 una serie de proyectos significativos en el \u00e1mbito del turismo inmobiliario, destacando que se espera [&hellip;]<\/p>\n","protected":false},"author":2,"featured_media":17832,"comment_status":"open","ping_status":"open","sticky":false,"template":"","format":"standard","meta":{"page_builder":"","footnotes":""},"categories":[208,75,79,80,360,78],"tags":[401,56,70,195,395,61],"class_list":["post-15791","post","type-post","status-publish","format-standard","has-post-thumbnail","hentry","category-cultural-design","category-destination","category-experiences","category-hotels","category-investments","category-news","tag-cultural-design","tag-destination","tag-experiences","tag-hotels","tag-investments","tag-news"],"yoast_head":"<!-- This site is optimized with the Yoast SEO plugin v28.4 - https:\/\/yoast.com\/product\/yoast-seo-wordpress\/ -->\n<title>Presidente de Cap Cana: \u201cRD est\u00e1 en su mejor momento en el turismo inmobiliario\u201d - Cap Cana<\/title>\n<meta name=\"description\" content=\"Presidente de Cap Cana: \u201cRD est\u00e1 en su mejor momento en el turismo inmobiliario\u201d\" \/>\n<meta name=\"robots\" content=\"index, follow, max-snippet:-1, max-image-preview:large, max-video-preview:-1\" \/>\n<link rel=\"canonical\" href=\"https:\/\/capcana.com\/es\/presidente-de-cap-cana-rd-esta-en-su-mejor-momento-en-el-turismo-inmobiliario\/\" \/>\n<meta property=\"og:locale\" content=\"es_ES\" \/>\n<meta property=\"og:type\" content=\"article\" \/>\n<meta property=\"og:title\" content=\"Presidente de Cap Cana: \u201cRD est\u00e1 en su mejor momento en el turismo inmobiliario\u201d - Cap Cana\" \/>\n<meta property=\"og:description\" content=\"Presidente de Cap Cana: \u201cRD est\u00e1 en su mejor momento en el turismo inmobiliario\u201d\" \/>\n<meta property=\"og:url\" content=\"https:\/\/capcana.com\/es\/presidente-de-cap-cana-rd-esta-en-su-mejor-momento-en-el-turismo-inmobiliario\/\" \/>\n<meta property=\"og:site_name\" content=\"Cap Cana\" \/>\n<meta property=\"article:published_time\" content=\"2024-10-09T15:29:38+00:00\" \/>\n<meta property=\"article:modified_time\" content=\"2026-02-19T16:00:06+00:00\" \/>\n<meta property=\"og:image\" content=\"https:\/\/capcana.com\/wp-content\/uploads\/2024\/10\/Presidente-de-Cap-Cana-RD-esta-en-su-mejor-momento-en-el-turismo-inmobiliario.jpeg\" \/>\n\t<meta property=\"og:image:width\" content=\"1140\" \/>\n\t<meta property=\"og:image:height\" content=\"815\" \/>\n\t<meta property=\"og:image:type\" content=\"image\/jpeg\" \/>\n<meta name=\"author\" content=\"Cap Cana\" \/>\n<meta name=\"twitter:card\" content=\"summary_large_image\" \/>\n<meta name=\"twitter:label1\" content=\"Written by\" \/>\n\t<meta name=\"twitter:data1\" content=\"Cap Cana\" \/>\n\t<meta name=\"twitter:label2\" content=\"Est. reading time\" \/>\n\t<meta name=\"twitter:data2\" content=\"2 minutes\" \/>\n<script type=\"application\/ld+json\" class=\"yoast-schema-graph\">{\"@context\":\"https:\\\/\\\/schema.org\",\"@graph\":[{\"@type\":\"Article\",\"@id\":\"https:\\\/\\\/capcana.com\\\/presidente-de-cap-cana-rd-esta-en-su-mejor-momento-en-el-turismo-inmobiliario\\\/#article\",\"isPartOf\":{\"@id\":\"https:\\\/\\\/capcana.com\\\/presidente-de-cap-cana-rd-esta-en-su-mejor-momento-en-el-turismo-inmobiliario\\\/\"},\"author\":{\"name\":\"Cap Cana\",\"@id\":\"https:\\\/\\\/capcana.com\\\/#\\\/schema\\\/person\\\/31c697ed44e52959c6c23e668dca2b21\"},\"headline\":\"Presidente de Cap Cana: \u201cRD est\u00e1 en su mejor momento en el turismo inmobiliario\u201d\",\"datePublished\":\"2024-10-09T15:29:38+00:00\",\"dateModified\":\"2026-02-19T16:00:06+00:00\",\"mainEntityOfPage\":{\"@id\":\"https:\\\/\\\/capcana.com\\\/presidente-de-cap-cana-rd-esta-en-su-mejor-momento-en-el-turismo-inmobiliario\\\/\"},\"wordCount\":287,\"commentCount\":0,\"image\":{\"@id\":\"https:\\\/\\\/capcana.com\\\/presidente-de-cap-cana-rd-esta-en-su-mejor-momento-en-el-turismo-inmobiliario\\\/#primaryimage\"},\"thumbnailUrl\":\"https:\\\/\\\/capcana.com\\\/wp-content\\\/uploads\\\/2024\\\/10\\\/Presidente-de-Cap-Cana-RD-esta-en-su-mejor-momento-en-el-turismo-inmobiliario.avif\",\"keywords\":[\"Cultural &amp; Design\",\"Destination\",\"Experiences\",\"Hotels\",\"Investments\",\"news\"],\"articleSection\":[\"Cultural &amp; Design\",\"Destination\",\"Experiences\",\"Hotels\",\"Investments\",\"News\"],\"inLanguage\":\"es-ES\",\"potentialAction\":[{\"@type\":\"CommentAction\",\"name\":\"Comment\",\"target\":[\"https:\\\/\\\/capcana.com\\\/presidente-de-cap-cana-rd-esta-en-su-mejor-momento-en-el-turismo-inmobiliario\\\/#respond\"]}]},{\"@type\":\"WebPage\",\"@id\":\"https:\\\/\\\/capcana.com\\\/presidente-de-cap-cana-rd-esta-en-su-mejor-momento-en-el-turismo-inmobiliario\\\/\",\"url\":\"https:\\\/\\\/capcana.com\\\/presidente-de-cap-cana-rd-esta-en-su-mejor-momento-en-el-turismo-inmobiliario\\\/\",\"name\":\"Presidente de Cap Cana: \u201cRD est\u00e1 en su mejor momento en el turismo inmobiliario\u201d - Cap Cana\",\"isPartOf\":{\"@id\":\"https:\\\/\\\/capcana.com\\\/#website\"},\"primaryImageOfPage\":{\"@id\":\"https:\\\/\\\/capcana.com\\\/presidente-de-cap-cana-rd-esta-en-su-mejor-momento-en-el-turismo-inmobiliario\\\/#primaryimage\"},\"image\":{\"@id\":\"https:\\\/\\\/capcana.com\\\/presidente-de-cap-cana-rd-esta-en-su-mejor-momento-en-el-turismo-inmobiliario\\\/#primaryimage\"},\"thumbnailUrl\":\"https:\\\/\\\/capcana.com\\\/wp-content\\\/uploads\\\/2024\\\/10\\\/Presidente-de-Cap-Cana-RD-esta-en-su-mejor-momento-en-el-turismo-inmobiliario.avif\",\"datePublished\":\"2024-10-09T15:29:38+00:00\",\"dateModified\":\"2026-02-19T16:00:06+00:00\",\"author\":{\"@id\":\"https:\\\/\\\/capcana.com\\\/#\\\/schema\\\/person\\\/31c697ed44e52959c6c23e668dca2b21\"},\"description\":\"Presidente de Cap Cana: \u201cRD est\u00e1 en su mejor momento en el turismo inmobiliario\u201d\",\"breadcrumb\":{\"@id\":\"https:\\\/\\\/capcana.com\\\/presidente-de-cap-cana-rd-esta-en-su-mejor-momento-en-el-turismo-inmobiliario\\\/#breadcrumb\"},\"inLanguage\":\"es-ES\",\"potentialAction\":[{\"@type\":\"ReadAction\",\"target\":[\"https:\\\/\\\/capcana.com\\\/presidente-de-cap-cana-rd-esta-en-su-mejor-momento-en-el-turismo-inmobiliario\\\/\"]}]},{\"@type\":\"ImageObject\",\"inLanguage\":\"es-ES\",\"@id\":\"https:\\\/\\\/capcana.com\\\/presidente-de-cap-cana-rd-esta-en-su-mejor-momento-en-el-turismo-inmobiliario\\\/#primaryimage\",\"url\":\"https:\\\/\\\/capcana.com\\\/wp-content\\\/uploads\\\/2024\\\/10\\\/Presidente-de-Cap-Cana-RD-esta-en-su-mejor-momento-en-el-turismo-inmobiliario.avif\",\"contentUrl\":\"https:\\\/\\\/capcana.com\\\/wp-content\\\/uploads\\\/2024\\\/10\\\/Presidente-de-Cap-Cana-RD-esta-en-su-mejor-momento-en-el-turismo-inmobiliario.avif\",\"width\":1140,\"height\":815,\"caption\":\"Presidente de Cap Cana RD est\u00e1 en su mejor momento en el turismo inmobiliario\"},{\"@type\":\"BreadcrumbList\",\"@id\":\"https:\\\/\\\/capcana.com\\\/presidente-de-cap-cana-rd-esta-en-su-mejor-momento-en-el-turismo-inmobiliario\\\/#breadcrumb\",\"itemListElement\":[{\"@type\":\"ListItem\",\"position\":1,\"name\":\"Home\",\"item\":\"https:\\\/\\\/capcana.com\\\/\"},{\"@type\":\"ListItem\",\"position\":2,\"name\":\"Presidente de Cap Cana: \u201cRD est\u00e1 en su mejor momento en el turismo inmobiliario\u201d\"}]},{\"@type\":\"WebSite\",\"@id\":\"https:\\\/\\\/capcana.com\\\/#website\",\"url\":\"https:\\\/\\\/capcana.com\\\/\",\"name\":\"www.capcana.com\\\/new\",\"description\":\"A City Build by Vision, Defined by Passion\",\"potentialAction\":[{\"@type\":\"SearchAction\",\"target\":{\"@type\":\"EntryPoint\",\"urlTemplate\":\"https:\\\/\\\/capcana.com\\\/?s={search_term_string}\"},\"query-input\":{\"@type\":\"PropertyValueSpecification\",\"valueRequired\":true,\"valueName\":\"search_term_string\"}}],\"inLanguage\":\"es-ES\"},{\"@type\":\"Person\",\"@id\":\"https:\\\/\\\/capcana.com\\\/#\\\/schema\\\/person\\\/31c697ed44e52959c6c23e668dca2b21\",\"name\":\"Cap Cana\",\"image\":{\"@type\":\"ImageObject\",\"inLanguage\":\"es-ES\",\"@id\":\"https:\\\/\\\/secure.gravatar.com\\\/avatar\\\/7b2c461428b6343b3c0cabdcf7341a6aecfd69177cf67a38ba6924972515f7ef?s=96&d=mm&r=g\",\"url\":\"https:\\\/\\\/secure.gravatar.com\\\/avatar\\\/7b2c461428b6343b3c0cabdcf7341a6aecfd69177cf67a38ba6924972515f7ef?s=96&d=mm&r=g\",\"contentUrl\":\"https:\\\/\\\/secure.gravatar.com\\\/avatar\\\/7b2c461428b6343b3c0cabdcf7341a6aecfd69177cf67a38ba6924972515f7ef?s=96&d=mm&r=g\",\"caption\":\"Cap Cana\"},\"sameAs\":[\"http:\\\/\\\/capcana.com\"]}]}<\/script>\n<!-- \/ Yoast SEO plugin. -->","yoast_head_json":{"title":"Presidente de Cap Cana: \u201cRD est\u00e1 en su mejor momento en el turismo inmobiliario\u201d - Cap Cana","description":"Presidente de Cap Cana: \u201cRD est\u00e1 en su mejor momento en el turismo inmobiliario\u201d","robots":{"index":"index","follow":"follow","max-snippet":"max-snippet:-1","max-image-preview":"max-image-preview:large","max-video-preview":"max-video-preview:-1"},"canonical":"https:\/\/capcana.com\/es\/presidente-de-cap-cana-rd-esta-en-su-mejor-momento-en-el-turismo-inmobiliario\/","og_locale":"es_ES","og_type":"article","og_title":"Presidente de Cap Cana: \u201cRD est\u00e1 en su mejor momento en el turismo inmobiliario\u201d - Cap Cana","og_description":"Presidente de Cap Cana: \u201cRD est\u00e1 en su mejor momento en el turismo inmobiliario\u201d","og_url":"https:\/\/capcana.com\/es\/presidente-de-cap-cana-rd-esta-en-su-mejor-momento-en-el-turismo-inmobiliario\/","og_site_name":"Cap Cana","article_published_time":"2024-10-09T15:29:38+00:00","article_modified_time":"2026-02-19T16:00:06+00:00","og_image":[{"width":1140,"height":815,"url":"https:\/\/capcana.com\/wp-content\/uploads\/2024\/10\/Presidente-de-Cap-Cana-RD-esta-en-su-mejor-momento-en-el-turismo-inmobiliario.jpeg","type":"image\/jpeg"}],"author":"Cap Cana","twitter_card":"summary_large_image","twitter_misc":{"Written by":"Cap Cana","Est. reading time":"2 minutes"},"schema":{"@context":"https:\/\/schema.org","@graph":[{"@type":"Article","@id":"https:\/\/capcana.com\/presidente-de-cap-cana-rd-esta-en-su-mejor-momento-en-el-turismo-inmobiliario\/#article","isPartOf":{"@id":"https:\/\/capcana.com\/presidente-de-cap-cana-rd-esta-en-su-mejor-momento-en-el-turismo-inmobiliario\/"},"author":{"name":"Cap Cana","@id":"https:\/\/capcana.com\/#\/schema\/person\/31c697ed44e52959c6c23e668dca2b21"},"headline":"Presidente de Cap Cana: \u201cRD est\u00e1 en su mejor momento en el turismo inmobiliario\u201d","datePublished":"2024-10-09T15:29:38+00:00","dateModified":"2026-02-19T16:00:06+00:00","mainEntityOfPage":{"@id":"https:\/\/capcana.com\/presidente-de-cap-cana-rd-esta-en-su-mejor-momento-en-el-turismo-inmobiliario\/"},"wordCount":287,"commentCount":0,"image":{"@id":"https:\/\/capcana.com\/presidente-de-cap-cana-rd-esta-en-su-mejor-momento-en-el-turismo-inmobiliario\/#primaryimage"},"thumbnailUrl":"https:\/\/capcana.com\/wp-content\/uploads\/2024\/10\/Presidente-de-Cap-Cana-RD-esta-en-su-mejor-momento-en-el-turismo-inmobiliario.avif","keywords":["Cultural &amp; Design","Destination","Experiences","Hotels","Investments","news"],"articleSection":["Cultural &amp; Design","Destination","Experiences","Hotels","Investments","News"],"inLanguage":"es-ES","potentialAction":[{"@type":"CommentAction","name":"Comment","target":["https:\/\/capcana.com\/presidente-de-cap-cana-rd-esta-en-su-mejor-momento-en-el-turismo-inmobiliario\/#respond"]}]},{"@type":"WebPage","@id":"https:\/\/capcana.com\/presidente-de-cap-cana-rd-esta-en-su-mejor-momento-en-el-turismo-inmobiliario\/","url":"https:\/\/capcana.com\/presidente-de-cap-cana-rd-esta-en-su-mejor-momento-en-el-turismo-inmobiliario\/","name":"Presidente de Cap Cana: \u201cRD est\u00e1 en su mejor momento en el turismo inmobiliario\u201d - Cap Cana","isPartOf":{"@id":"https:\/\/capcana.com\/#website"},"primaryImageOfPage":{"@id":"https:\/\/capcana.com\/presidente-de-cap-cana-rd-esta-en-su-mejor-momento-en-el-turismo-inmobiliario\/#primaryimage"},"image":{"@id":"https:\/\/capcana.com\/presidente-de-cap-cana-rd-esta-en-su-mejor-momento-en-el-turismo-inmobiliario\/#primaryimage"},"thumbnailUrl":"https:\/\/capcana.com\/wp-content\/uploads\/2024\/10\/Presidente-de-Cap-Cana-RD-esta-en-su-mejor-momento-en-el-turismo-inmobiliario.avif","datePublished":"2024-10-09T15:29:38+00:00","dateModified":"2026-02-19T16:00:06+00:00","author":{"@id":"https:\/\/capcana.com\/#\/schema\/person\/31c697ed44e52959c6c23e668dca2b21"},"description":"Presidente de Cap Cana: \u201cRD est\u00e1 en su mejor momento en el turismo inmobiliario\u201d","breadcrumb":{"@id":"https:\/\/capcana.com\/presidente-de-cap-cana-rd-esta-en-su-mejor-momento-en-el-turismo-inmobiliario\/#breadcrumb"},"inLanguage":"es-ES","potentialAction":[{"@type":"ReadAction","target":["https:\/\/capcana.com\/presidente-de-cap-cana-rd-esta-en-su-mejor-momento-en-el-turismo-inmobiliario\/"]}]},{"@type":"ImageObject","inLanguage":"es-ES","@id":"https:\/\/capcana.com\/presidente-de-cap-cana-rd-esta-en-su-mejor-momento-en-el-turismo-inmobiliario\/#primaryimage","url":"https:\/\/capcana.com\/wp-content\/uploads\/2024\/10\/Presidente-de-Cap-Cana-RD-esta-en-su-mejor-momento-en-el-turismo-inmobiliario.avif","contentUrl":"https:\/\/capcana.com\/wp-content\/uploads\/2024\/10\/Presidente-de-Cap-Cana-RD-esta-en-su-mejor-momento-en-el-turismo-inmobiliario.avif","width":1140,"height":815,"caption":"Presidente de Cap Cana RD est\u00e1 en su mejor momento en el turismo inmobiliario"},{"@type":"BreadcrumbList","@id":"https:\/\/capcana.com\/presidente-de-cap-cana-rd-esta-en-su-mejor-momento-en-el-turismo-inmobiliario\/#breadcrumb","itemListElement":[{"@type":"ListItem","position":1,"name":"Home","item":"https:\/\/capcana.com\/"},{"@type":"ListItem","position":2,"name":"Presidente de Cap Cana: \u201cRD est\u00e1 en su mejor momento en el turismo inmobiliario\u201d"}]},{"@type":"WebSite","@id":"https:\/\/capcana.com\/#website","url":"https:\/\/capcana.com\/","name":"www.capcana.com\/new","description":"A City Build by Vision, Defined by Passion","potentialAction":[{"@type":"SearchAction","target":{"@type":"EntryPoint","urlTemplate":"https:\/\/capcana.com\/?s={search_term_string}"},"query-input":{"@type":"PropertyValueSpecification","valueRequired":true,"valueName":"search_term_string"}}],"inLanguage":"es-ES"},{"@type":"Person","@id":"https:\/\/capcana.com\/#\/schema\/person\/31c697ed44e52959c6c23e668dca2b21","name":"Cap Cana","image":{"@type":"ImageObject","inLanguage":"es-ES","@id":"https:\/\/secure.gravatar.com\/avatar\/7b2c461428b6343b3c0cabdcf7341a6aecfd69177cf67a38ba6924972515f7ef?s=96&d=mm&r=g","url":"https:\/\/secure.gravatar.com\/avatar\/7b2c461428b6343b3c0cabdcf7341a6aecfd69177cf67a38ba6924972515f7ef?s=96&d=mm&r=g","contentUrl":"https:\/\/secure.gravatar.com\/avatar\/7b2c461428b6343b3c0cabdcf7341a6aecfd69177cf67a38ba6924972515f7ef?s=96&d=mm&r=g","caption":"Cap Cana"},"sameAs":["http:\/\/capcana.com"]}]}},"_links":{"self":[{"href":"https:\/\/capcana.com\/es\/wp-json\/wp\/v2\/posts\/15791","targetHints":{"allow":["GET"]}}],"collection":[{"href":"https:\/\/capcana.com\/es\/wp-json\/wp\/v2\/posts"}],"about":[{"href":"https:\/\/capcana.com\/es\/wp-json\/wp\/v2\/types\/post"}],"author":[{"embeddable":true,"href":"https:\/\/capcana.com\/es\/wp-json\/wp\/v2\/users\/2"}],"replies":[{"embeddable":true,"href":"https:\/\/capcana.com\/es\/wp-json\/wp\/v2\/comments?post=15791"}],"version-history":[{"count":0,"href":"https:\/\/capcana.com\/es\/wp-json\/wp\/v2\/posts\/15791\/revisions"}],"wp:featuredmedia":[{"embeddable":true,"href":"https:\/\/capcana.com\/es\/wp-json\/wp\/v2\/media\/17832"}],"wp:attachment":[{"href":"https:\/\/capcana.com\/es\/wp-json\/wp\/v2\/media?parent=15791"}],"wp:term":[{"taxonomy":"category","embeddable":true,"href":"https:\/\/capcana.com\/es\/wp-json\/wp\/v2\/categories?post=15791"},{"taxonomy":"post_tag","embeddable":true,"href":"https:\/\/capcana.com\/es\/wp-json\/wp\/v2\/tags?post=15791"}],"curies":[{"name":"wp","href":"https:\/\/api.w.org\/{rel}","templated":true}]}}