{"id":14345,"date":"2023-10-12T10:17:15","date_gmt":"2023-10-12T14:17:15","guid":{"rendered":"https:\/\/news.capcana.com\/?p=14345"},"modified":"2026-02-19T12:01:07","modified_gmt":"2026-02-19T16:01:07","slug":"ciudad-destino-cap-cana-celebro-dia-mundial-del-turismo-con-un-conversatorio-sobre-sostenibilidad","status":"publish","type":"post","link":"https:\/\/capcana.com\/es\/ciudad-destino-cap-cana-celebro-dia-mundial-del-turismo-con-un-conversatorio-sobre-sostenibilidad\/","title":{"rendered":"Ciudad Destino Cap Cana celebr\u00f3 D\u00eda Mundial del Turismo con un conversatorio sobre sostenibilidad"},"content":{"rendered":"<p>En conmemoraci\u00f3n del D\u00eda Mundial del Turismo, la Ciudad Destino Cap Cana organiz\u00f3 un conversatorio bajo el t\u00edtulo \u00abTurismo y Sostenibilidad\u00bb, en sinton\u00eda con la dedicaci\u00f3n de la Organizaci\u00f3n Mundial del Turismo a las inversiones verdes.<\/p>\n<p>Durante su discurso central, Jorge Subero Medina destac\u00f3 que \u00abeste di\u00e1logo y reflexi\u00f3n abordan dos temas esenciales para el desarrollo de destinos tur\u00edsticos visionarios y, en \u00faltima instancia, para nuestra econom\u00eda nacional: el turismo diversificado y el desarrollo sostenible del turismo\u00bb.<\/p>\n<p>Seg\u00fan rezaba un comunicado de prensa enviado a este medio, el\u00a0 presidente ejecutivo de Cap Cana subray\u00f3 que en lo adelante, como sector empresarial privado, se enfrentamos a nuevos desaf\u00edos, regulaciones internacionales actualizadas, la necesidad de mejorar la recopilaci\u00f3n de datos, an\u00e1lisis m\u00e1s profundos de la informaci\u00f3n y una inversi\u00f3n econ\u00f3mica m\u00e1s significativa, pero, sobre todo, experimentamos un cambio cultural y adaptaciones necesarias en sus modelos de negocios.<\/p>\n<p>El evento incluy\u00f3 el panel \u00abTurismo Hotelero y Diversificado con Enfoque Responsable en la Ciudad Destino\u00bb, en el cual participaron destacados oradores: Roberto Garrido, VP de Operaciones de Playa Hotels y Resorts en Rep\u00fablica Dominicana; Denis Rosario, Director de Finanzas y Administraci\u00f3n de Hyatt en Rep\u00fablica Dominicana, operador del hotel Secrets Cap Cana; y \u00c1ngel Gonz\u00e1lez, Director del Parque de Ecoaventuras Scape Park. La moderadora del panel fue Kawana Polanco, VP de Asset Management de la propiedad Sanctuary.<\/p>\n<p>Representantes de la industria hotelera y actividades diversas en Cap Cana elogiaron las cualidades que distinguen a esta localidad, calific\u00e1ndola como el mejor destino de la Rep\u00fablica Dominicana. Destacaron las pr\u00e1cticas sostenibles que implementan tanto como corporaciones como en colaboraci\u00f3n con Cap Cana, una ciudad de lujo que se compromete con la sostenibilidad.<\/p>\n<p>Un segundo panel titulado \u00abDesarrollo de una Ciudad Comprometida con la Sostenibilidad\u00bb cont\u00f3 con la participaci\u00f3n de H\u00e9ctor Baltazar, VP de Operaciones y Desarrollo; Jos\u00e9 Garc\u00eda Armenteros, desarrollador en Cap Cana; Noribel Medina, Directora Comercial y de Marketing de Cap Cana; y Blanca Mari\u00f1ez, Directora de la Fundaci\u00f3n Cap Cana. Iraima Ray moder\u00f3 el panel y ocupa el cargo de Gerente de Medio Ambiente y Permisolog\u00eda de Cap Cana. Durante la discusi\u00f3n, se detallaron las medidas implementadas desde el inicio para fomentar el desarrollo de la ciudad de manera sostenible, minimizando su impacto ambiental y promoviendo la conservaci\u00f3n de la fauna, flora y especies en peligro de extinci\u00f3n.<\/p>\n<p>El evento reuni\u00f3 a medios de comunicaci\u00f3n nacionales y regionales, desarrolladores, ejecutivos hoteleros, ejecutivos de Cap Cana y aliados de la Ciudad Destino.<\/p>","protected":false},"excerpt":{"rendered":"<p>En conmemoraci\u00f3n del D\u00eda Mundial del Turismo, la Ciudad Destino Cap Cana organiz\u00f3 un conversatorio bajo el t\u00edtulo \u00abTurismo y Sostenibilidad\u00bb, en sinton\u00eda con la dedicaci\u00f3n de la Organizaci\u00f3n Mundial del Turismo a las inversiones verdes. Durante su discurso central, Jorge Subero Medina destac\u00f3 que \u00abeste di\u00e1logo y reflexi\u00f3n abordan dos temas esenciales para el [&hellip;]<\/p>\n","protected":false},"author":2,"featured_media":17921,"comment_status":"open","ping_status":"open","sticky":false,"template":"","format":"standard","meta":{"page_builder":"","footnotes":""},"categories":[208,238,16],"tags":[401,68,405],"class_list":["post-14345","post","type-post","status-publish","format-standard","has-post-thumbnail","hentry","category-cultural-design","category-ecology","category-sustainability","tag-cultural-design","tag-ecology","tag-sustainability"],"yoast_head":"<!-- This site is optimized with the Yoast SEO plugin v28.4 - https:\/\/yoast.com\/product\/yoast-seo-wordpress\/ -->\n<title>Ciudad Destino Cap Cana celebr\u00f3 D\u00eda Mundial del Turismo con un conversatorio sobre sostenibilidad - Cap Cana<\/title>\n<meta name=\"description\" content=\"En conmemoraci\u00f3n del D\u00eda Mundial del Turismo, la Ciudad Destino Cap Cana organiz\u00f3 un conversatorio bajo el t\u00edtulo \u00abTurismo y Sostenibilidad\u00bb, en sinton\u00eda con la dedicaci\u00f3n de la Organizaci\u00f3n Mundial del Turismo a las inversiones verdes.Durante su discurso central, Jorge Subero Medina destac\u00f3 que \u00abeste di\u00e1logo y reflexi\u00f3n abordan dos temas esenciales para el desarrollo de destinos tur\u00edsticos visionarios y, en \u00faltima instancia, para nuestra econom\u00eda nacional: el turismo diversificado y el desarrollo sostenible del turismo\u00bb.\" \/>\n<meta name=\"robots\" content=\"index, follow, max-snippet:-1, max-image-preview:large, max-video-preview:-1\" \/>\n<link rel=\"canonical\" href=\"https:\/\/capcana.com\/es\/ciudad-destino-cap-cana-celebro-dia-mundial-del-turismo-con-un-conversatorio-sobre-sostenibilidad\/\" \/>\n<meta property=\"og:locale\" content=\"es_ES\" \/>\n<meta property=\"og:type\" content=\"article\" \/>\n<meta property=\"og:title\" content=\"Ciudad Destino Cap Cana celebr\u00f3 D\u00eda Mundial del Turismo con un conversatorio sobre sostenibilidad - Cap Cana\" \/>\n<meta property=\"og:description\" content=\"En conmemoraci\u00f3n del D\u00eda Mundial del Turismo, la Ciudad Destino Cap Cana organiz\u00f3 un conversatorio bajo el t\u00edtulo \u00abTurismo y Sostenibilidad\u00bb, en sinton\u00eda con la dedicaci\u00f3n de la Organizaci\u00f3n Mundial del Turismo a las inversiones verdes.Durante su discurso central, Jorge Subero Medina destac\u00f3 que \u00abeste di\u00e1logo y reflexi\u00f3n abordan dos temas esenciales para el desarrollo de destinos tur\u00edsticos visionarios y, en \u00faltima instancia, para nuestra econom\u00eda nacional: el turismo diversificado y el desarrollo sostenible del turismo\u00bb.\" \/>\n<meta property=\"og:url\" content=\"https:\/\/capcana.com\/es\/ciudad-destino-cap-cana-celebro-dia-mundial-del-turismo-con-un-conversatorio-sobre-sostenibilidad\/\" \/>\n<meta property=\"og:site_name\" content=\"Cap Cana\" \/>\n<meta property=\"article:published_time\" content=\"2023-10-12T14:17:15+00:00\" \/>\n<meta property=\"article:modified_time\" content=\"2026-02-19T16:01:07+00:00\" \/>\n<meta property=\"og:image\" content=\"https:\/\/capcana.com\/wp-content\/uploads\/2023\/10\/Ciudad-Destino-Cap-Cana-celebro-Dia-Mundial-del-Turismo-con-un-conversatorio-sobre-sostenibilidad.jpeg\" \/>\n\t<meta property=\"og:image:width\" content=\"1600\" \/>\n\t<meta property=\"og:image:height\" content=\"1067\" \/>\n\t<meta property=\"og:image:type\" content=\"image\/jpeg\" \/>\n<meta name=\"author\" content=\"Cap Cana\" \/>\n<meta name=\"twitter:card\" content=\"summary_large_image\" \/>\n<meta name=\"twitter:label1\" content=\"Written by\" \/>\n\t<meta name=\"twitter:data1\" content=\"Cap Cana\" \/>\n\t<meta name=\"twitter:label2\" content=\"Est. reading time\" \/>\n\t<meta name=\"twitter:data2\" content=\"2 minutes\" \/>\n<script type=\"application\/ld+json\" class=\"yoast-schema-graph\">{\"@context\":\"https:\\\/\\\/schema.org\",\"@graph\":[{\"@type\":\"Article\",\"@id\":\"https:\\\/\\\/capcana.com\\\/ciudad-destino-cap-cana-celebro-dia-mundial-del-turismo-con-un-conversatorio-sobre-sostenibilidad\\\/#article\",\"isPartOf\":{\"@id\":\"https:\\\/\\\/capcana.com\\\/ciudad-destino-cap-cana-celebro-dia-mundial-del-turismo-con-un-conversatorio-sobre-sostenibilidad\\\/\"},\"author\":{\"name\":\"Cap Cana\",\"@id\":\"https:\\\/\\\/capcana.com\\\/#\\\/schema\\\/person\\\/31c697ed44e52959c6c23e668dca2b21\"},\"headline\":\"Ciudad Destino Cap Cana celebr\u00f3 D\u00eda Mundial del Turismo con un conversatorio sobre sostenibilidad\",\"datePublished\":\"2023-10-12T14:17:15+00:00\",\"dateModified\":\"2026-02-19T16:01:07+00:00\",\"mainEntityOfPage\":{\"@id\":\"https:\\\/\\\/capcana.com\\\/ciudad-destino-cap-cana-celebro-dia-mundial-del-turismo-con-un-conversatorio-sobre-sostenibilidad\\\/\"},\"wordCount\":459,\"commentCount\":0,\"image\":{\"@id\":\"https:\\\/\\\/capcana.com\\\/ciudad-destino-cap-cana-celebro-dia-mundial-del-turismo-con-un-conversatorio-sobre-sostenibilidad\\\/#primaryimage\"},\"thumbnailUrl\":\"https:\\\/\\\/capcana.com\\\/wp-content\\\/uploads\\\/2023\\\/10\\\/Ciudad-Destino-Cap-Cana-celebro-Dia-Mundial-del-Turismo-con-un-conversatorio-sobre-sostenibilidad.avif\",\"keywords\":[\"Cultural &amp; Design\",\"Ecology\",\"Sustainability\"],\"articleSection\":[\"Cultural &amp; Design\",\"Ecology\",\"Sustainability\"],\"inLanguage\":\"es-ES\",\"potentialAction\":[{\"@type\":\"CommentAction\",\"name\":\"Comment\",\"target\":[\"https:\\\/\\\/capcana.com\\\/ciudad-destino-cap-cana-celebro-dia-mundial-del-turismo-con-un-conversatorio-sobre-sostenibilidad\\\/#respond\"]}]},{\"@type\":\"WebPage\",\"@id\":\"https:\\\/\\\/capcana.com\\\/ciudad-destino-cap-cana-celebro-dia-mundial-del-turismo-con-un-conversatorio-sobre-sostenibilidad\\\/\",\"url\":\"https:\\\/\\\/capcana.com\\\/ciudad-destino-cap-cana-celebro-dia-mundial-del-turismo-con-un-conversatorio-sobre-sostenibilidad\\\/\",\"name\":\"Ciudad Destino Cap Cana celebr\u00f3 D\u00eda Mundial del Turismo con un conversatorio sobre sostenibilidad - Cap Cana\",\"isPartOf\":{\"@id\":\"https:\\\/\\\/capcana.com\\\/#website\"},\"primaryImageOfPage\":{\"@id\":\"https:\\\/\\\/capcana.com\\\/ciudad-destino-cap-cana-celebro-dia-mundial-del-turismo-con-un-conversatorio-sobre-sostenibilidad\\\/#primaryimage\"},\"image\":{\"@id\":\"https:\\\/\\\/capcana.com\\\/ciudad-destino-cap-cana-celebro-dia-mundial-del-turismo-con-un-conversatorio-sobre-sostenibilidad\\\/#primaryimage\"},\"thumbnailUrl\":\"https:\\\/\\\/capcana.com\\\/wp-content\\\/uploads\\\/2023\\\/10\\\/Ciudad-Destino-Cap-Cana-celebro-Dia-Mundial-del-Turismo-con-un-conversatorio-sobre-sostenibilidad.avif\",\"datePublished\":\"2023-10-12T14:17:15+00:00\",\"dateModified\":\"2026-02-19T16:01:07+00:00\",\"author\":{\"@id\":\"https:\\\/\\\/capcana.com\\\/#\\\/schema\\\/person\\\/31c697ed44e52959c6c23e668dca2b21\"},\"description\":\"En conmemoraci\u00f3n del D\u00eda Mundial del Turismo, la Ciudad Destino Cap Cana organiz\u00f3 un conversatorio bajo el t\u00edtulo \u00abTurismo y Sostenibilidad\u00bb, en sinton\u00eda con la dedicaci\u00f3n de la Organizaci\u00f3n Mundial del Turismo a las inversiones verdes.Durante su discurso central, Jorge Subero Medina destac\u00f3 que \u00abeste di\u00e1logo y reflexi\u00f3n abordan dos temas esenciales para el desarrollo de destinos tur\u00edsticos visionarios y, en \u00faltima instancia, para nuestra econom\u00eda nacional: el turismo diversificado y el desarrollo sostenible del turismo\u00bb.\",\"breadcrumb\":{\"@id\":\"https:\\\/\\\/capcana.com\\\/ciudad-destino-cap-cana-celebro-dia-mundial-del-turismo-con-un-conversatorio-sobre-sostenibilidad\\\/#breadcrumb\"},\"inLanguage\":\"es-ES\",\"potentialAction\":[{\"@type\":\"ReadAction\",\"target\":[\"https:\\\/\\\/capcana.com\\\/ciudad-destino-cap-cana-celebro-dia-mundial-del-turismo-con-un-conversatorio-sobre-sostenibilidad\\\/\"]}]},{\"@type\":\"ImageObject\",\"inLanguage\":\"es-ES\",\"@id\":\"https:\\\/\\\/capcana.com\\\/ciudad-destino-cap-cana-celebro-dia-mundial-del-turismo-con-un-conversatorio-sobre-sostenibilidad\\\/#primaryimage\",\"url\":\"https:\\\/\\\/capcana.com\\\/wp-content\\\/uploads\\\/2023\\\/10\\\/Ciudad-Destino-Cap-Cana-celebro-Dia-Mundial-del-Turismo-con-un-conversatorio-sobre-sostenibilidad.avif\",\"contentUrl\":\"https:\\\/\\\/capcana.com\\\/wp-content\\\/uploads\\\/2023\\\/10\\\/Ciudad-Destino-Cap-Cana-celebro-Dia-Mundial-del-Turismo-con-un-conversatorio-sobre-sostenibilidad.avif\",\"width\":1600,\"height\":1067,\"caption\":\"Ciudad Destino Cap Cana celebr\u00f3 D\u00eda Mundial del Turismo con un conversatorio sobre sostenibilidad\"},{\"@type\":\"BreadcrumbList\",\"@id\":\"https:\\\/\\\/capcana.com\\\/ciudad-destino-cap-cana-celebro-dia-mundial-del-turismo-con-un-conversatorio-sobre-sostenibilidad\\\/#breadcrumb\",\"itemListElement\":[{\"@type\":\"ListItem\",\"position\":1,\"name\":\"Home\",\"item\":\"https:\\\/\\\/capcana.com\\\/\"},{\"@type\":\"ListItem\",\"position\":2,\"name\":\"Ciudad Destino Cap Cana celebr\u00f3 D\u00eda Mundial del Turismo con un conversatorio sobre sostenibilidad\"}]},{\"@type\":\"WebSite\",\"@id\":\"https:\\\/\\\/capcana.com\\\/#website\",\"url\":\"https:\\\/\\\/capcana.com\\\/\",\"name\":\"www.capcana.com\\\/new\",\"description\":\"A City Build by Vision, Defined by Passion\",\"potentialAction\":[{\"@type\":\"SearchAction\",\"target\":{\"@type\":\"EntryPoint\",\"urlTemplate\":\"https:\\\/\\\/capcana.com\\\/?s={search_term_string}\"},\"query-input\":{\"@type\":\"PropertyValueSpecification\",\"valueRequired\":true,\"valueName\":\"search_term_string\"}}],\"inLanguage\":\"es-ES\"},{\"@type\":\"Person\",\"@id\":\"https:\\\/\\\/capcana.com\\\/#\\\/schema\\\/person\\\/31c697ed44e52959c6c23e668dca2b21\",\"name\":\"Cap Cana\",\"image\":{\"@type\":\"ImageObject\",\"inLanguage\":\"es-ES\",\"@id\":\"https:\\\/\\\/secure.gravatar.com\\\/avatar\\\/7b2c461428b6343b3c0cabdcf7341a6aecfd69177cf67a38ba6924972515f7ef?s=96&d=mm&r=g\",\"url\":\"https:\\\/\\\/secure.gravatar.com\\\/avatar\\\/7b2c461428b6343b3c0cabdcf7341a6aecfd69177cf67a38ba6924972515f7ef?s=96&d=mm&r=g\",\"contentUrl\":\"https:\\\/\\\/secure.gravatar.com\\\/avatar\\\/7b2c461428b6343b3c0cabdcf7341a6aecfd69177cf67a38ba6924972515f7ef?s=96&d=mm&r=g\",\"caption\":\"Cap Cana\"},\"sameAs\":[\"http:\\\/\\\/capcana.com\"]}]}<\/script>\n<!-- \/ Yoast SEO plugin. -->","yoast_head_json":{"title":"Ciudad Destino Cap Cana celebr\u00f3 D\u00eda Mundial del Turismo con un conversatorio sobre sostenibilidad - Cap Cana","description":"En conmemoraci\u00f3n del D\u00eda Mundial del Turismo, la Ciudad Destino Cap Cana organiz\u00f3 un conversatorio bajo el t\u00edtulo \u00abTurismo y Sostenibilidad\u00bb, en sinton\u00eda con la dedicaci\u00f3n de la Organizaci\u00f3n Mundial del Turismo a las inversiones verdes.Durante su discurso central, Jorge Subero Medina destac\u00f3 que \u00abeste di\u00e1logo y reflexi\u00f3n abordan dos temas esenciales para el desarrollo de destinos tur\u00edsticos visionarios y, en \u00faltima instancia, para nuestra econom\u00eda nacional: el turismo diversificado y el desarrollo sostenible del turismo\u00bb.","robots":{"index":"index","follow":"follow","max-snippet":"max-snippet:-1","max-image-preview":"max-image-preview:large","max-video-preview":"max-video-preview:-1"},"canonical":"https:\/\/capcana.com\/es\/ciudad-destino-cap-cana-celebro-dia-mundial-del-turismo-con-un-conversatorio-sobre-sostenibilidad\/","og_locale":"es_ES","og_type":"article","og_title":"Ciudad Destino Cap Cana celebr\u00f3 D\u00eda Mundial del Turismo con un conversatorio sobre sostenibilidad - Cap Cana","og_description":"En conmemoraci\u00f3n del D\u00eda Mundial del Turismo, la Ciudad Destino Cap Cana organiz\u00f3 un conversatorio bajo el t\u00edtulo \u00abTurismo y Sostenibilidad\u00bb, en sinton\u00eda con la dedicaci\u00f3n de la Organizaci\u00f3n Mundial del Turismo a las inversiones verdes.Durante su discurso central, Jorge Subero Medina destac\u00f3 que \u00abeste di\u00e1logo y reflexi\u00f3n abordan dos temas esenciales para el desarrollo de destinos tur\u00edsticos visionarios y, en \u00faltima instancia, para nuestra econom\u00eda nacional: el turismo diversificado y el desarrollo sostenible del turismo\u00bb.","og_url":"https:\/\/capcana.com\/es\/ciudad-destino-cap-cana-celebro-dia-mundial-del-turismo-con-un-conversatorio-sobre-sostenibilidad\/","og_site_name":"Cap Cana","article_published_time":"2023-10-12T14:17:15+00:00","article_modified_time":"2026-02-19T16:01:07+00:00","og_image":[{"width":1600,"height":1067,"url":"https:\/\/capcana.com\/wp-content\/uploads\/2023\/10\/Ciudad-Destino-Cap-Cana-celebro-Dia-Mundial-del-Turismo-con-un-conversatorio-sobre-sostenibilidad.jpeg","type":"image\/jpeg"}],"author":"Cap Cana","twitter_card":"summary_large_image","twitter_misc":{"Written by":"Cap Cana","Est. reading time":"2 minutes"},"schema":{"@context":"https:\/\/schema.org","@graph":[{"@type":"Article","@id":"https:\/\/capcana.com\/ciudad-destino-cap-cana-celebro-dia-mundial-del-turismo-con-un-conversatorio-sobre-sostenibilidad\/#article","isPartOf":{"@id":"https:\/\/capcana.com\/ciudad-destino-cap-cana-celebro-dia-mundial-del-turismo-con-un-conversatorio-sobre-sostenibilidad\/"},"author":{"name":"Cap Cana","@id":"https:\/\/capcana.com\/#\/schema\/person\/31c697ed44e52959c6c23e668dca2b21"},"headline":"Ciudad Destino Cap Cana celebr\u00f3 D\u00eda Mundial del Turismo con un conversatorio sobre sostenibilidad","datePublished":"2023-10-12T14:17:15+00:00","dateModified":"2026-02-19T16:01:07+00:00","mainEntityOfPage":{"@id":"https:\/\/capcana.com\/ciudad-destino-cap-cana-celebro-dia-mundial-del-turismo-con-un-conversatorio-sobre-sostenibilidad\/"},"wordCount":459,"commentCount":0,"image":{"@id":"https:\/\/capcana.com\/ciudad-destino-cap-cana-celebro-dia-mundial-del-turismo-con-un-conversatorio-sobre-sostenibilidad\/#primaryimage"},"thumbnailUrl":"https:\/\/capcana.com\/wp-content\/uploads\/2023\/10\/Ciudad-Destino-Cap-Cana-celebro-Dia-Mundial-del-Turismo-con-un-conversatorio-sobre-sostenibilidad.avif","keywords":["Cultural &amp; Design","Ecology","Sustainability"],"articleSection":["Cultural &amp; Design","Ecology","Sustainability"],"inLanguage":"es-ES","potentialAction":[{"@type":"CommentAction","name":"Comment","target":["https:\/\/capcana.com\/ciudad-destino-cap-cana-celebro-dia-mundial-del-turismo-con-un-conversatorio-sobre-sostenibilidad\/#respond"]}]},{"@type":"WebPage","@id":"https:\/\/capcana.com\/ciudad-destino-cap-cana-celebro-dia-mundial-del-turismo-con-un-conversatorio-sobre-sostenibilidad\/","url":"https:\/\/capcana.com\/ciudad-destino-cap-cana-celebro-dia-mundial-del-turismo-con-un-conversatorio-sobre-sostenibilidad\/","name":"Ciudad Destino Cap Cana celebr\u00f3 D\u00eda Mundial del Turismo con un conversatorio sobre sostenibilidad - Cap Cana","isPartOf":{"@id":"https:\/\/capcana.com\/#website"},"primaryImageOfPage":{"@id":"https:\/\/capcana.com\/ciudad-destino-cap-cana-celebro-dia-mundial-del-turismo-con-un-conversatorio-sobre-sostenibilidad\/#primaryimage"},"image":{"@id":"https:\/\/capcana.com\/ciudad-destino-cap-cana-celebro-dia-mundial-del-turismo-con-un-conversatorio-sobre-sostenibilidad\/#primaryimage"},"thumbnailUrl":"https:\/\/capcana.com\/wp-content\/uploads\/2023\/10\/Ciudad-Destino-Cap-Cana-celebro-Dia-Mundial-del-Turismo-con-un-conversatorio-sobre-sostenibilidad.avif","datePublished":"2023-10-12T14:17:15+00:00","dateModified":"2026-02-19T16:01:07+00:00","author":{"@id":"https:\/\/capcana.com\/#\/schema\/person\/31c697ed44e52959c6c23e668dca2b21"},"description":"En conmemoraci\u00f3n del D\u00eda Mundial del Turismo, la Ciudad Destino Cap Cana organiz\u00f3 un conversatorio bajo el t\u00edtulo \u00abTurismo y Sostenibilidad\u00bb, en sinton\u00eda con la dedicaci\u00f3n de la Organizaci\u00f3n Mundial del Turismo a las inversiones verdes.Durante su discurso central, Jorge Subero Medina destac\u00f3 que \u00abeste di\u00e1logo y reflexi\u00f3n abordan dos temas esenciales para el desarrollo de destinos tur\u00edsticos visionarios y, en \u00faltima instancia, para nuestra econom\u00eda nacional: el turismo diversificado y el desarrollo sostenible del turismo\u00bb.","breadcrumb":{"@id":"https:\/\/capcana.com\/ciudad-destino-cap-cana-celebro-dia-mundial-del-turismo-con-un-conversatorio-sobre-sostenibilidad\/#breadcrumb"},"inLanguage":"es-ES","potentialAction":[{"@type":"ReadAction","target":["https:\/\/capcana.com\/ciudad-destino-cap-cana-celebro-dia-mundial-del-turismo-con-un-conversatorio-sobre-sostenibilidad\/"]}]},{"@type":"ImageObject","inLanguage":"es-ES","@id":"https:\/\/capcana.com\/ciudad-destino-cap-cana-celebro-dia-mundial-del-turismo-con-un-conversatorio-sobre-sostenibilidad\/#primaryimage","url":"https:\/\/capcana.com\/wp-content\/uploads\/2023\/10\/Ciudad-Destino-Cap-Cana-celebro-Dia-Mundial-del-Turismo-con-un-conversatorio-sobre-sostenibilidad.avif","contentUrl":"https:\/\/capcana.com\/wp-content\/uploads\/2023\/10\/Ciudad-Destino-Cap-Cana-celebro-Dia-Mundial-del-Turismo-con-un-conversatorio-sobre-sostenibilidad.avif","width":1600,"height":1067,"caption":"Ciudad Destino Cap Cana celebr\u00f3 D\u00eda Mundial del Turismo con un conversatorio sobre sostenibilidad"},{"@type":"BreadcrumbList","@id":"https:\/\/capcana.com\/ciudad-destino-cap-cana-celebro-dia-mundial-del-turismo-con-un-conversatorio-sobre-sostenibilidad\/#breadcrumb","itemListElement":[{"@type":"ListItem","position":1,"name":"Home","item":"https:\/\/capcana.com\/"},{"@type":"ListItem","position":2,"name":"Ciudad Destino Cap Cana celebr\u00f3 D\u00eda Mundial del Turismo con un conversatorio sobre sostenibilidad"}]},{"@type":"WebSite","@id":"https:\/\/capcana.com\/#website","url":"https:\/\/capcana.com\/","name":"www.capcana.com\/new","description":"A City Build by Vision, Defined by Passion","potentialAction":[{"@type":"SearchAction","target":{"@type":"EntryPoint","urlTemplate":"https:\/\/capcana.com\/?s={search_term_string}"},"query-input":{"@type":"PropertyValueSpecification","valueRequired":true,"valueName":"search_term_string"}}],"inLanguage":"es-ES"},{"@type":"Person","@id":"https:\/\/capcana.com\/#\/schema\/person\/31c697ed44e52959c6c23e668dca2b21","name":"Cap Cana","image":{"@type":"ImageObject","inLanguage":"es-ES","@id":"https:\/\/secure.gravatar.com\/avatar\/7b2c461428b6343b3c0cabdcf7341a6aecfd69177cf67a38ba6924972515f7ef?s=96&d=mm&r=g","url":"https:\/\/secure.gravatar.com\/avatar\/7b2c461428b6343b3c0cabdcf7341a6aecfd69177cf67a38ba6924972515f7ef?s=96&d=mm&r=g","contentUrl":"https:\/\/secure.gravatar.com\/avatar\/7b2c461428b6343b3c0cabdcf7341a6aecfd69177cf67a38ba6924972515f7ef?s=96&d=mm&r=g","caption":"Cap Cana"},"sameAs":["http:\/\/capcana.com"]}]}},"_links":{"self":[{"href":"https:\/\/capcana.com\/es\/wp-json\/wp\/v2\/posts\/14345","targetHints":{"allow":["GET"]}}],"collection":[{"href":"https:\/\/capcana.com\/es\/wp-json\/wp\/v2\/posts"}],"about":[{"href":"https:\/\/capcana.com\/es\/wp-json\/wp\/v2\/types\/post"}],"author":[{"embeddable":true,"href":"https:\/\/capcana.com\/es\/wp-json\/wp\/v2\/users\/2"}],"replies":[{"embeddable":true,"href":"https:\/\/capcana.com\/es\/wp-json\/wp\/v2\/comments?post=14345"}],"version-history":[{"count":0,"href":"https:\/\/capcana.com\/es\/wp-json\/wp\/v2\/posts\/14345\/revisions"}],"wp:featuredmedia":[{"embeddable":true,"href":"https:\/\/capcana.com\/es\/wp-json\/wp\/v2\/media\/17921"}],"wp:attachment":[{"href":"https:\/\/capcana.com\/es\/wp-json\/wp\/v2\/media?parent=14345"}],"wp:term":[{"taxonomy":"category","embeddable":true,"href":"https:\/\/capcana.com\/es\/wp-json\/wp\/v2\/categories?post=14345"},{"taxonomy":"post_tag","embeddable":true,"href":"https:\/\/capcana.com\/es\/wp-json\/wp\/v2\/tags?post=14345"}],"curies":[{"name":"wp","href":"https:\/\/api.w.org\/{rel}","templated":true}]}}