{"id":12430,"date":"2022-01-05T15:08:40","date_gmt":"2022-01-05T19:08:40","guid":{"rendered":"https:\/\/news.capcana.com\/?p=12430"},"modified":"2026-02-18T11:20:49","modified_gmt":"2026-02-18T15:20:49","slug":"cap-cana-y-gobierno","status":"publish","type":"post","link":"https:\/\/capcana.com\/es\/cap-cana-y-gobierno\/","title":{"rendered":"Subero Medina: Work between the government and the private sector has been key in economic recovery"},"content":{"rendered":"<h4>The executive president of Cap Cana highlights the importance of tax incentives for the development of tourism<\/h4>\n<p>The work that the government has done together with the private sector throughout this process of economic recovery is admirable and there has been a mutually supportive approach.<\/p>\n<p>\u201cIt is the first time that you find a State working with the tourism sector for the same benefit. Without this vaccination support, it would have been impossible to promote the sustainability of the Dominican Republic and the boom will come from that perception and that level that we have achieved in the health area, \u201dexplained Jorge Subero Medina, executive president of Cap Cana.<\/p>\n<p>The executive considers that the promotion of the vaccination program has been fundamental in this process, which has been demonstrated with the recovery of the tourism sector. He indicated that the country has shown signs of being efficient in controlling the pandemic.<\/p>\n<p>Regarding the real estate sector, he explained that the country has developed an infrastructure that has been working for many years, which helps promote the Dominican Republic as a destination to live.<\/p>\n<p>Among the variables that Subero Medina considers to have been key to economic recovery, is that the country was supplied with everything necessary during the most difficult months of the pandemic, but the Dominicans also had the support of the State at all times. &#8220;The food that was served to supply tourists was enough to meet domestic demand and that helped, at the same time, that the economy remained stable,&#8221; he says.<\/p>\n<p>According to the CEO of Cap Cana, in the case of hoteliers, there were many who remodeled their facilities during the closing period, but the real estate area also focused on developing new homes.<\/p>\n<p>He highlighted the positive effect on the economy of the release of approximately RD $ 215,000 million from the legal reserve, by the Central Bank, to maintain the flow of resources to the productive sectors. &#8220;Anyone who had the opportunity to acquire real estate was able to access a loan with these facilities and that boosted the economy,&#8221; he said.<\/p>\n<p>In his opinion, the Confotur Law also played a preponderant role, since those who wanted to acquire a home were able to make use of this legal instrument to access the facilities it offers.<\/p>\n<p>According to the Cap Cana executive, tourism promotion at the moment is going well enough, but he understands that the main promoters of tourism are the more than ten million Dominicans, many of whom have discovered that it is necessary to know their country.<\/p>\n<p>For Subero Medina, the problem of incentives for certain economic sectors does not have to do with land clearing, but rather with the optimization of regulations and permits, that is, how and where they are granted. He cites, for example, that the special tax treatment that the Confotur Law has promotes investment and linkage in relation to the tourism sector. He assured that it is proven that this legislation gives more benefits than the fiscal sacrifice that it means for the State.<\/p>\n<p>&#8220;In the case of real estate tourism, you get someone to come to live in the Dominican Republic, permanent or semi-permanent and that coexistence leads to other benefits, such as the purchase of vehicles, consumption of fuel, food, electricity, telecommunications and generates jobs,&#8221; which also pay taxes \u201d, affirms the executive president of Cap Cana, who considers that if there is a clearing of tax exemptions in the tourism sector it would be part of a catastrophe (\u2026) and it would not benefit the country at all.<\/p>\n<p>He gave us an example that if someone buys a plot of 700 square meters for the US $ 100,000 and a 400-meter house is built on that land, the average must be around US $ 1,000, and the materials that were acquired in the local market all pay taxes. In that sense, he said that the State barely exonerates 1% of that amount. &#8220;The tax burden or savings that the State has based on the production and investment that an investor is making is minimal,&#8221; he said.<\/p>\n<p>&nbsp;<\/p>\n<hr \/>\n<h1 class=\"jeg_post_title\" style=\"text-align: center;\">Subero Medina: Trabajo entre gobierno y sector privado ha sido clave en recuperaci\u00f3n econ\u00f3mica<\/h1>\n<h5 class=\"jeg_post_subtitle\">El presidente ejecutivo de Cap Cana destaca importancia de los incentivos fiscales para el desarrollo del turismo<\/h5>\n<p>El trabajo que ha hecho el gobierno junto con el sector privado durante todo este proceso de recuperaci\u00f3n de la econom\u00eda es admirable y ha habido un enfoque de apoyo mutuo.<\/p>\n<p>\u201cEs la primera vez que encuentras un Estado trabajando con el sector turismo para el mismo beneficio. Nosotros, sin ese apoyo de vacunaci\u00f3n, hubiera sido imposible promocionar la sostenibilidad que tenido Rep\u00fablica Dominicana y el auge vendr\u00e1 por esa percepci\u00f3n y ese nivel que hemos logrado en la parte sanitaria\u201d, explic\u00f3 Jorge Subero Medina, presidente ejecutivo de Cap Cana.<\/p>\n<p>El ejecutivo considera que la promoci\u00f3n del programa de vacunaci\u00f3n ha sido fundamental en este proceso, lo cual se ha demostrado con la recuperaci\u00f3n del sector turismo. Indic\u00f3 que el pa\u00eds ha dado muestras de ser eficiente en el control de la pandemia.<\/p>\n<p>En cuando al sector inmobiliario, explic\u00f3 que el pa\u00eds ha desarrollado una infraestructura que se ha venido trabajando durante muchos a\u00f1os, lo cual ayuda a que se promueva a Rep\u00fablica Dominicana como un destino para vivir.<\/p>\n<p>Entre las variables que Subero Medina considera que han sido clave para la recuperaci\u00f3n econ\u00f3mica, est\u00e1 que el pa\u00eds estuvo suplido de todo lo necesario durante los meses m\u00e1s dif\u00edciles de la pandemia, pero tambi\u00e9n los dominicanos contaron con el apoyo del Estado en todo momento. \u201cLa comida que se serv\u00eda para suplir a los turistas fue suficiente para atender la demanda interna y eso ayud\u00f3, al mismo tiempo, que la econom\u00eda se mantuviera estable\u201d, afirma.<\/p>\n<p>De acuerdo con el presidente ejecutivo de Cap Cana, en el caso de los hoteleros hubo muchos que remodelaron sus instalaciones durante el per\u00edodo de cierre, pero tambi\u00e9n el \u00e1rea inmobiliaria se centr\u00f3 en desarrollar nuevas viviendas.<\/p>\n<p>Destac\u00f3 el efecto positivo que tuvo en la econom\u00eda la liberaci\u00f3n de aproximadamente RD$215,000 millones del encaje legal, por parte del Banco Central, para mantener el flujo de recursos hacia los sectores productivos. \u201cTodo el que ten\u00eda la oportunidad de adquirir una propiedad inmobiliaria pudo acceder a un pr\u00e9stamo con estas facilidades y eso dinamiz\u00f3 la econom\u00eda\u201d, sostuvo.<\/p>\n<p>A su entender, la Ley de Confotur tambi\u00e9n jug\u00f3 un papel preponderante, ya que los que quisieron adquirir una vivienda pudieron hacer uso de este instrumento legal para acceder a las facilidades que ofrece.<\/p>\n<p>Seg\u00fan el ejecutivo de Cap Cana, la promoci\u00f3n tur\u00edstica en estos momentos va lo suficientemente bien, pero entiende que los principales promotores del turismo son los m\u00e1s de diez millones de dominicanos, muchos de los cuales han descubierto que es necesario conocer su pa\u00eds.<\/p>\n<p>Para Subero Medina, el problema de los incentivos a determinados sectores econ\u00f3micos no tiene que ver con el desmonte, sino con la optimizaci\u00f3n de las regulaciones y permisos, es decir, c\u00f3mo y d\u00f3nde se otorgan. Cita, por ejemplo, que el tratamiento fiscal especial que tiene la Ley de Confotur promueve la inversi\u00f3n y el encadenamiento con relaci\u00f3n al sector turismo. Asegur\u00f3 que est\u00e1 demostrado que esta legislaci\u00f3n da m\u00e1s beneficios que el sacrificio fiscal que significa para el Estado.<\/p>\n<p>\u201cEn el caso del turismo inmobiliario, t\u00fa logras que alguien venga a vivir a Rep\u00fablica Dominicana, permanente o semipermanente y esa convivencia lleva a otros beneficios, como es la compra de veh\u00edculos, consumo de combustibles, alimentos, electricidad, telecomunicaciones y genera empleos, los cuales tambi\u00e9n pagan impuestos\u201d, afirma el presidente ejecutivo de Cap Cana, quien considera que si hay un desmonte de exenciones fiscales en el sector tur\u00edstico ser\u00eda parte de una cat\u00e1strofe (\u2026) y en nada beneficiar\u00eda al pa\u00eds.<\/p>\n<p>Puso como ejemplo que si alguien compra un solar de 700 metros cuadrados por US$100,000 y en ese terreno se construye una vivienda de 400 metros, el promedio debe rondar los US$1,000 y los materiales que se adquirieron en el mercado local todos pagan impuestos. En ese sentido, refiri\u00f3 que el Estado apenas exonera el 1% de ese monto. \u201cLa carga o ahorro fiscal que tiene el Estado en base a la producci\u00f3n e inversi\u00f3n que est\u00e1 haciendo un inversionista es m\u00ednima\u201d, destac\u00f3.<\/p>","protected":false},"excerpt":{"rendered":"<p>The executive president of Cap Cana highlights the importance of tax incentives for the development of tourism The work that the government has done together with the private sector throughout this process of economic recovery is admirable and there has been a mutually supportive approach. \u201cIt is the first time that you find a State [&hellip;]<\/p>\n","protected":false},"author":2,"featured_media":17819,"comment_status":"open","ping_status":"open","sticky":false,"template":"","format":"standard","meta":{"page_builder":"","footnotes":""},"categories":[360,361],"tags":[74,57,309,61],"class_list":["post-12430","post","type-post","status-publish","format-standard","has-post-thumbnail","hentry","category-investments","category-sales","tag-cap-cana","tag-development","tag-jorge-subero","tag-news"],"yoast_head":"<!-- This site is optimized with the Yoast SEO plugin v28.4 - https:\/\/yoast.com\/product\/yoast-seo-wordpress\/ -->\n<title>Subero Medina: Work between the government and the private sector has been key in economic recovery - Cap Cana<\/title>\n<meta name=\"description\" content=\"The executive president of Cap Cana highlights the importance of tax incentives for the development of tourism\" \/>\n<meta name=\"robots\" content=\"index, follow, max-snippet:-1, max-image-preview:large, max-video-preview:-1\" \/>\n<link rel=\"canonical\" href=\"https:\/\/capcana.com\/es\/cap-cana-y-gobierno\/\" \/>\n<meta property=\"og:locale\" content=\"es_ES\" \/>\n<meta property=\"og:type\" content=\"article\" \/>\n<meta property=\"og:title\" content=\"Subero Medina: Work between the government and the private sector has been key in economic recovery - Cap Cana\" \/>\n<meta property=\"og:description\" content=\"The executive president of Cap Cana highlights the importance of tax incentives for the development of tourism\" \/>\n<meta property=\"og:url\" content=\"https:\/\/capcana.com\/es\/cap-cana-y-gobierno\/\" \/>\n<meta property=\"og:site_name\" content=\"Cap Cana\" \/>\n<meta property=\"article:published_time\" content=\"2022-01-05T19:08:40+00:00\" \/>\n<meta property=\"article:modified_time\" content=\"2026-02-18T15:20:49+00:00\" \/>\n<meta property=\"og:image\" content=\"https:\/\/capcana.com\/wp-content\/uploads\/2025\/02\/Presidente-ejecutivo-de-Cap-Cana-participa-en-FITUR-2025-con-nuevos-anuncios.jpeg\" \/>\n\t<meta property=\"og:image:width\" content=\"771\" \/>\n\t<meta property=\"og:image:height\" content=\"815\" \/>\n\t<meta property=\"og:image:type\" content=\"image\/jpeg\" \/>\n<meta name=\"author\" content=\"Cap Cana\" \/>\n<meta name=\"twitter:card\" content=\"summary_large_image\" \/>\n<meta name=\"twitter:label1\" content=\"Written by\" \/>\n\t<meta name=\"twitter:data1\" content=\"Cap Cana\" \/>\n\t<meta name=\"twitter:label2\" content=\"Est. reading time\" \/>\n\t<meta name=\"twitter:data2\" content=\"7 minutes\" \/>\n<script type=\"application\/ld+json\" class=\"yoast-schema-graph\">{\"@context\":\"https:\\\/\\\/schema.org\",\"@graph\":[{\"@type\":\"Article\",\"@id\":\"https:\\\/\\\/capcana.com\\\/cap-cana-y-gobierno\\\/#article\",\"isPartOf\":{\"@id\":\"https:\\\/\\\/capcana.com\\\/cap-cana-y-gobierno\\\/\"},\"author\":{\"name\":\"Cap Cana\",\"@id\":\"https:\\\/\\\/capcana.com\\\/#\\\/schema\\\/person\\\/31c697ed44e52959c6c23e668dca2b21\"},\"headline\":\"Subero Medina: Work between the government and the private sector has been key in economic recovery\",\"datePublished\":\"2022-01-05T19:08:40+00:00\",\"dateModified\":\"2026-02-18T15:20:49+00:00\",\"mainEntityOfPage\":{\"@id\":\"https:\\\/\\\/capcana.com\\\/cap-cana-y-gobierno\\\/\"},\"wordCount\":1431,\"commentCount\":0,\"image\":{\"@id\":\"https:\\\/\\\/capcana.com\\\/cap-cana-y-gobierno\\\/#primaryimage\"},\"thumbnailUrl\":\"https:\\\/\\\/capcana.com\\\/wp-content\\\/uploads\\\/2025\\\/02\\\/Presidente-ejecutivo-de-Cap-Cana-participa-en-FITUR-2025-con-nuevos-anuncios.avif\",\"keywords\":[\"Cap Cana\",\"development\",\"jorge subero\",\"news\"],\"articleSection\":[\"Investments\",\"Sales\"],\"inLanguage\":\"es-ES\",\"potentialAction\":[{\"@type\":\"CommentAction\",\"name\":\"Comment\",\"target\":[\"https:\\\/\\\/capcana.com\\\/cap-cana-y-gobierno\\\/#respond\"]}]},{\"@type\":\"WebPage\",\"@id\":\"https:\\\/\\\/capcana.com\\\/cap-cana-y-gobierno\\\/\",\"url\":\"https:\\\/\\\/capcana.com\\\/cap-cana-y-gobierno\\\/\",\"name\":\"Subero Medina: Work between the government and the private sector has been key in economic recovery - Cap Cana\",\"isPartOf\":{\"@id\":\"https:\\\/\\\/capcana.com\\\/#website\"},\"primaryImageOfPage\":{\"@id\":\"https:\\\/\\\/capcana.com\\\/cap-cana-y-gobierno\\\/#primaryimage\"},\"image\":{\"@id\":\"https:\\\/\\\/capcana.com\\\/cap-cana-y-gobierno\\\/#primaryimage\"},\"thumbnailUrl\":\"https:\\\/\\\/capcana.com\\\/wp-content\\\/uploads\\\/2025\\\/02\\\/Presidente-ejecutivo-de-Cap-Cana-participa-en-FITUR-2025-con-nuevos-anuncios.avif\",\"datePublished\":\"2022-01-05T19:08:40+00:00\",\"dateModified\":\"2026-02-18T15:20:49+00:00\",\"author\":{\"@id\":\"https:\\\/\\\/capcana.com\\\/#\\\/schema\\\/person\\\/31c697ed44e52959c6c23e668dca2b21\"},\"description\":\"The executive president of Cap Cana highlights the importance of tax incentives for the development of tourism\",\"breadcrumb\":{\"@id\":\"https:\\\/\\\/capcana.com\\\/cap-cana-y-gobierno\\\/#breadcrumb\"},\"inLanguage\":\"es-ES\",\"potentialAction\":[{\"@type\":\"ReadAction\",\"target\":[\"https:\\\/\\\/capcana.com\\\/cap-cana-y-gobierno\\\/\"]}]},{\"@type\":\"ImageObject\",\"inLanguage\":\"es-ES\",\"@id\":\"https:\\\/\\\/capcana.com\\\/cap-cana-y-gobierno\\\/#primaryimage\",\"url\":\"https:\\\/\\\/capcana.com\\\/wp-content\\\/uploads\\\/2025\\\/02\\\/Presidente-ejecutivo-de-Cap-Cana-participa-en-FITUR-2025-con-nuevos-anuncios.avif\",\"contentUrl\":\"https:\\\/\\\/capcana.com\\\/wp-content\\\/uploads\\\/2025\\\/02\\\/Presidente-ejecutivo-de-Cap-Cana-participa-en-FITUR-2025-con-nuevos-anuncios.avif\",\"width\":771,\"height\":815,\"caption\":\"Presidente ejecutivo de Cap Cana participa en FITUR 2025 con nuevos anuncios\"},{\"@type\":\"BreadcrumbList\",\"@id\":\"https:\\\/\\\/capcana.com\\\/cap-cana-y-gobierno\\\/#breadcrumb\",\"itemListElement\":[{\"@type\":\"ListItem\",\"position\":1,\"name\":\"Home\",\"item\":\"https:\\\/\\\/capcana.com\\\/\"},{\"@type\":\"ListItem\",\"position\":2,\"name\":\"Subero Medina: Work between the government and the private sector has been key in economic recovery\"}]},{\"@type\":\"WebSite\",\"@id\":\"https:\\\/\\\/capcana.com\\\/#website\",\"url\":\"https:\\\/\\\/capcana.com\\\/\",\"name\":\"www.capcana.com\\\/new\",\"description\":\"A City Build by Vision, Defined by Passion\",\"potentialAction\":[{\"@type\":\"SearchAction\",\"target\":{\"@type\":\"EntryPoint\",\"urlTemplate\":\"https:\\\/\\\/capcana.com\\\/?s={search_term_string}\"},\"query-input\":{\"@type\":\"PropertyValueSpecification\",\"valueRequired\":true,\"valueName\":\"search_term_string\"}}],\"inLanguage\":\"es-ES\"},{\"@type\":\"Person\",\"@id\":\"https:\\\/\\\/capcana.com\\\/#\\\/schema\\\/person\\\/31c697ed44e52959c6c23e668dca2b21\",\"name\":\"Cap Cana\",\"image\":{\"@type\":\"ImageObject\",\"inLanguage\":\"es-ES\",\"@id\":\"https:\\\/\\\/secure.gravatar.com\\\/avatar\\\/7b2c461428b6343b3c0cabdcf7341a6aecfd69177cf67a38ba6924972515f7ef?s=96&d=mm&r=g\",\"url\":\"https:\\\/\\\/secure.gravatar.com\\\/avatar\\\/7b2c461428b6343b3c0cabdcf7341a6aecfd69177cf67a38ba6924972515f7ef?s=96&d=mm&r=g\",\"contentUrl\":\"https:\\\/\\\/secure.gravatar.com\\\/avatar\\\/7b2c461428b6343b3c0cabdcf7341a6aecfd69177cf67a38ba6924972515f7ef?s=96&d=mm&r=g\",\"caption\":\"Cap Cana\"},\"sameAs\":[\"http:\\\/\\\/capcana.com\"]}]}<\/script>\n<!-- \/ Yoast SEO plugin. -->","yoast_head_json":{"title":"Subero Medina: Work between the government and the private sector has been key in economic recovery - Cap Cana","description":"The executive president of Cap Cana highlights the importance of tax incentives for the development of tourism","robots":{"index":"index","follow":"follow","max-snippet":"max-snippet:-1","max-image-preview":"max-image-preview:large","max-video-preview":"max-video-preview:-1"},"canonical":"https:\/\/capcana.com\/es\/cap-cana-y-gobierno\/","og_locale":"es_ES","og_type":"article","og_title":"Subero Medina: Work between the government and the private sector has been key in economic recovery - Cap Cana","og_description":"The executive president of Cap Cana highlights the importance of tax incentives for the development of tourism","og_url":"https:\/\/capcana.com\/es\/cap-cana-y-gobierno\/","og_site_name":"Cap Cana","article_published_time":"2022-01-05T19:08:40+00:00","article_modified_time":"2026-02-18T15:20:49+00:00","og_image":[{"width":771,"height":815,"url":"https:\/\/capcana.com\/wp-content\/uploads\/2025\/02\/Presidente-ejecutivo-de-Cap-Cana-participa-en-FITUR-2025-con-nuevos-anuncios.jpeg","type":"image\/jpeg"}],"author":"Cap Cana","twitter_card":"summary_large_image","twitter_misc":{"Written by":"Cap Cana","Est. reading time":"7 minutes"},"schema":{"@context":"https:\/\/schema.org","@graph":[{"@type":"Article","@id":"https:\/\/capcana.com\/cap-cana-y-gobierno\/#article","isPartOf":{"@id":"https:\/\/capcana.com\/cap-cana-y-gobierno\/"},"author":{"name":"Cap Cana","@id":"https:\/\/capcana.com\/#\/schema\/person\/31c697ed44e52959c6c23e668dca2b21"},"headline":"Subero Medina: Work between the government and the private sector has been key in economic recovery","datePublished":"2022-01-05T19:08:40+00:00","dateModified":"2026-02-18T15:20:49+00:00","mainEntityOfPage":{"@id":"https:\/\/capcana.com\/cap-cana-y-gobierno\/"},"wordCount":1431,"commentCount":0,"image":{"@id":"https:\/\/capcana.com\/cap-cana-y-gobierno\/#primaryimage"},"thumbnailUrl":"https:\/\/capcana.com\/wp-content\/uploads\/2025\/02\/Presidente-ejecutivo-de-Cap-Cana-participa-en-FITUR-2025-con-nuevos-anuncios.avif","keywords":["Cap Cana","development","jorge subero","news"],"articleSection":["Investments","Sales"],"inLanguage":"es-ES","potentialAction":[{"@type":"CommentAction","name":"Comment","target":["https:\/\/capcana.com\/cap-cana-y-gobierno\/#respond"]}]},{"@type":"WebPage","@id":"https:\/\/capcana.com\/cap-cana-y-gobierno\/","url":"https:\/\/capcana.com\/cap-cana-y-gobierno\/","name":"Subero Medina: Work between the government and the private sector has been key in economic recovery - Cap Cana","isPartOf":{"@id":"https:\/\/capcana.com\/#website"},"primaryImageOfPage":{"@id":"https:\/\/capcana.com\/cap-cana-y-gobierno\/#primaryimage"},"image":{"@id":"https:\/\/capcana.com\/cap-cana-y-gobierno\/#primaryimage"},"thumbnailUrl":"https:\/\/capcana.com\/wp-content\/uploads\/2025\/02\/Presidente-ejecutivo-de-Cap-Cana-participa-en-FITUR-2025-con-nuevos-anuncios.avif","datePublished":"2022-01-05T19:08:40+00:00","dateModified":"2026-02-18T15:20:49+00:00","author":{"@id":"https:\/\/capcana.com\/#\/schema\/person\/31c697ed44e52959c6c23e668dca2b21"},"description":"The executive president of Cap Cana highlights the importance of tax incentives for the development of tourism","breadcrumb":{"@id":"https:\/\/capcana.com\/cap-cana-y-gobierno\/#breadcrumb"},"inLanguage":"es-ES","potentialAction":[{"@type":"ReadAction","target":["https:\/\/capcana.com\/cap-cana-y-gobierno\/"]}]},{"@type":"ImageObject","inLanguage":"es-ES","@id":"https:\/\/capcana.com\/cap-cana-y-gobierno\/#primaryimage","url":"https:\/\/capcana.com\/wp-content\/uploads\/2025\/02\/Presidente-ejecutivo-de-Cap-Cana-participa-en-FITUR-2025-con-nuevos-anuncios.avif","contentUrl":"https:\/\/capcana.com\/wp-content\/uploads\/2025\/02\/Presidente-ejecutivo-de-Cap-Cana-participa-en-FITUR-2025-con-nuevos-anuncios.avif","width":771,"height":815,"caption":"Presidente ejecutivo de Cap Cana participa en FITUR 2025 con nuevos anuncios"},{"@type":"BreadcrumbList","@id":"https:\/\/capcana.com\/cap-cana-y-gobierno\/#breadcrumb","itemListElement":[{"@type":"ListItem","position":1,"name":"Home","item":"https:\/\/capcana.com\/"},{"@type":"ListItem","position":2,"name":"Subero Medina: Work between the government and the private sector has been key in economic recovery"}]},{"@type":"WebSite","@id":"https:\/\/capcana.com\/#website","url":"https:\/\/capcana.com\/","name":"www.capcana.com\/new","description":"A City Build by Vision, Defined by Passion","potentialAction":[{"@type":"SearchAction","target":{"@type":"EntryPoint","urlTemplate":"https:\/\/capcana.com\/?s={search_term_string}"},"query-input":{"@type":"PropertyValueSpecification","valueRequired":true,"valueName":"search_term_string"}}],"inLanguage":"es-ES"},{"@type":"Person","@id":"https:\/\/capcana.com\/#\/schema\/person\/31c697ed44e52959c6c23e668dca2b21","name":"Cap Cana","image":{"@type":"ImageObject","inLanguage":"es-ES","@id":"https:\/\/secure.gravatar.com\/avatar\/7b2c461428b6343b3c0cabdcf7341a6aecfd69177cf67a38ba6924972515f7ef?s=96&d=mm&r=g","url":"https:\/\/secure.gravatar.com\/avatar\/7b2c461428b6343b3c0cabdcf7341a6aecfd69177cf67a38ba6924972515f7ef?s=96&d=mm&r=g","contentUrl":"https:\/\/secure.gravatar.com\/avatar\/7b2c461428b6343b3c0cabdcf7341a6aecfd69177cf67a38ba6924972515f7ef?s=96&d=mm&r=g","caption":"Cap Cana"},"sameAs":["http:\/\/capcana.com"]}]}},"_links":{"self":[{"href":"https:\/\/capcana.com\/es\/wp-json\/wp\/v2\/posts\/12430","targetHints":{"allow":["GET"]}}],"collection":[{"href":"https:\/\/capcana.com\/es\/wp-json\/wp\/v2\/posts"}],"about":[{"href":"https:\/\/capcana.com\/es\/wp-json\/wp\/v2\/types\/post"}],"author":[{"embeddable":true,"href":"https:\/\/capcana.com\/es\/wp-json\/wp\/v2\/users\/2"}],"replies":[{"embeddable":true,"href":"https:\/\/capcana.com\/es\/wp-json\/wp\/v2\/comments?post=12430"}],"version-history":[{"count":0,"href":"https:\/\/capcana.com\/es\/wp-json\/wp\/v2\/posts\/12430\/revisions"}],"wp:featuredmedia":[{"embeddable":true,"href":"https:\/\/capcana.com\/es\/wp-json\/wp\/v2\/media\/17819"}],"wp:attachment":[{"href":"https:\/\/capcana.com\/es\/wp-json\/wp\/v2\/media?parent=12430"}],"wp:term":[{"taxonomy":"category","embeddable":true,"href":"https:\/\/capcana.com\/es\/wp-json\/wp\/v2\/categories?post=12430"},{"taxonomy":"post_tag","embeddable":true,"href":"https:\/\/capcana.com\/es\/wp-json\/wp\/v2\/tags?post=12430"}],"curies":[{"name":"wp","href":"https:\/\/api.w.org\/{rel}","templated":true}]}}